{"id":472,"date":"2023-01-16T12:03:38","date_gmt":"2023-01-16T12:03:38","guid":{"rendered":"http:\/\/fokesz.hu\/wordpress\/?p=472"},"modified":"2023-01-16T12:11:06","modified_gmt":"2023-01-16T12:11:06","slug":"semmelweis-fogaszati-napok-2023","status":"publish","type":"post","link":"http:\/\/fokesz.hu\/wordpress\/2023\/01\/16\/semmelweis-fogaszati-napok-2023\/","title":{"rendered":"Semmelweis Fog\u00e1szati Napok 2023."},"content":{"rendered":"\n<p>Ez\u00faton szeretn\u00e9nk t\u00e1j\u00e9koztatni \u00d6n\u00f6ket, hogy a&nbsp;<strong>Fog\u00e1szati Keresked\u0151k \u00e9s Gy\u00e1rt\u00f3k Sz\u00f6vets\u00e9ge<\/strong>&nbsp;a<\/p>\n\n\n\n<p><strong>Semmelweis Fog\u00e1szati Napok<\/strong>&nbsp;keret\u00e9ben ki\u00e1ll\u00edt\u00e1st szervez.<\/p>\n\n\n\n<p>A rendezv\u00e9ny id\u0151pontja: <strong>2023. m\u00e1jus 18-20.<\/strong><\/p>\n\n\n\n<p>Helysz\u00edn: Semmelweis Egyetem Elm\u00e9leti T\u00f6mb, 1089. Budapest, Nagyv\u00e1rad t\u00e9r 4.<\/p>\n\n\n\n<p>A jelentkez\u00e9si lapot \u00e9s a r\u00e9szv\u00e9tel felt\u00e9teleit tartalmaz\u00f3 t\u00e1j\u00e9koztat\u00f3 anyagot r\u00f6videsen megk\u00fcldj\u00fck \u00d6n\u00f6knek, illetve a ki\u00e1ll\u00edt\u00e1si honlapunkon, a <a href=\"http:\/\/hungarodent.com\/kiallitoknak\/\">http:\/\/hungarodent.com\/kiallitoknak\/<\/a> oldalon let\u00f6lthet\u0151 form\u00e1tumban felt\u00f6lt\u00e9sre ker\u00fcl. <\/p>\n","protected":false},"excerpt":{"rendered":"<p>Ez\u00faton szeretn\u00e9nk t\u00e1j\u00e9koztatni \u00d6n\u00f6ket, hogy a&nbsp;Fog\u00e1szati Keresked\u0151k \u00e9s Gy\u00e1rt\u00f3k Sz\u00f6vets\u00e9ge&nbsp;a Semmelweis Fog\u00e1szati Napok&nbsp;keret\u00e9ben ki\u00e1ll\u00edt\u00e1st szervez. A rendezv\u00e9ny id\u0151pontja: 2023. m\u00e1jus 18-20. Helysz\u00edn: Semmelweis Egyetem Elm\u00e9leti T\u00f6mb, 1089. Budapest, Nagyv\u00e1rad t\u00e9r 4. A jelentkez\u00e9si lapot \u00e9s a r\u00e9szv\u00e9tel felt\u00e9teleit tartalmaz\u00f3 t\u00e1j\u00e9koztat\u00f3 anyagot r\u00f6videsen megk\u00fcldj\u00fck \u00d6n\u00f6knek, illetve a ki\u00e1ll\u00edt\u00e1si honlapunkon, a http:\/\/hungarodent.com\/kiallitoknak\/ oldalon let\u00f6lthet\u0151 form\u00e1tumban felt\u00f6lt\u00e9sre ker\u00fcl.<\/p>\n","protected":false},"author":1,"featured_media":475,"comment_status":"open","ping_status":"open","sticky":false,"template":"","format":"standard","meta":{"footnotes":""},"categories":[1],"tags":[13,14],"jetpack_featured_media_url":"http:\/\/fokesz.hu\/wordpress\/wp-content\/uploads\/2023\/01\/D7D0123D-69F3-4D6E-8153-2BDF4FBC31FC.jpeg","_links":{"self":[{"href":"http:\/\/fokesz.hu\/wordpress\/wp-json\/wp\/v2\/posts\/472"}],"collection":[{"href":"http:\/\/fokesz.hu\/wordpress\/wp-json\/wp\/v2\/posts"}],"about":[{"href":"http:\/\/fokesz.hu\/wordpress\/wp-json\/wp\/v2\/types\/post"}],"author":[{"embeddable":true,"href":"http:\/\/fokesz.hu\/wordpress\/wp-json\/wp\/v2\/users\/1"}],"replies":[{"embeddable":true,"href":"http:\/\/fokesz.hu\/wordpress\/wp-json\/wp\/v2\/comments?post=472"}],"version-history":[{"count":1,"href":"http:\/\/fokesz.hu\/wordpress\/wp-json\/wp\/v2\/posts\/472\/revisions"}],"predecessor-version":[{"id":473,"href":"http:\/\/fokesz.hu\/wordpress\/wp-json\/wp\/v2\/posts\/472\/revisions\/473"}],"wp:featuredmedia":[{"embeddable":true,"href":"http:\/\/fokesz.hu\/wordpress\/wp-json\/wp\/v2\/media\/475"}],"wp:attachment":[{"href":"http:\/\/fokesz.hu\/wordpress\/wp-json\/wp\/v2\/media?parent=472"}],"wp:term":[{"taxonomy":"category","embeddable":true,"href":"http:\/\/fokesz.hu\/wordpress\/wp-json\/wp\/v2\/categories?post=472"},{"taxonomy":"post_tag","embeddable":true,"href":"http:\/\/fokesz.hu\/wordpress\/wp-json\/wp\/v2\/tags?post=472"}],"curies":[{"name":"wp","href":"https:\/\/api.w.org\/{rel}","templated":true}]}}