{"id":447,"date":"2022-06-01T06:31:00","date_gmt":"2022-06-01T06:31:00","guid":{"rendered":"http:\/\/fokesz.hu\/wordpress\/?p=447"},"modified":"2022-12-02T05:59:29","modified_gmt":"2022-12-02T05:59:29","slug":"semmelweis-oszi-fogaszati-napok-2022","status":"publish","type":"post","link":"http:\/\/fokesz.hu\/wordpress\/2022\/06\/01\/semmelweis-oszi-fogaszati-napok-2022\/","title":{"rendered":"Semmelweis \u0150szi Fog\u00e1szati Napok 2022"},"content":{"rendered":"\n<p>Ez\u00faton szeretn\u00e9nk felh\u00edvni sz\u00edves figyelm\u00fcket&nbsp;<strong>a 2022. szeptember 29-30.<\/strong>&nbsp;k\u00f6z\u00f6tt megrendez\u00e9sre ker\u00fcl\u0151<\/p>\n\n\n\n<p><strong>Semmelweis \u0150szi Fog\u00e1szati Napok<\/strong><\/p>\n\n\n\n<p>keret\u00e9ben tartand\u00f3 ki\u00e1ll\u00edt\u00e1sra.<\/p>\n\n\n\n<p>A ki\u00e1ll\u00edt\u00e1s helysz\u00edne: &nbsp;<strong>ELTE L\u00e1gym\u00e1nyosi Campus \u00c9szaki t\u00f6mbje<\/strong>&nbsp;(1117 Budapest, P\u00e1zm\u00e1ny P\u00e9ter s\u00e9t\u00e1ny 1\/a.).<\/p>\n\n\n\n<p>V\u00e1rjuk sz\u00edves&nbsp;<a href=\"http:\/\/hungarodent.com\/kiallitoknak\/\" target=\"_blank\" rel=\"noreferrer noopener\">jelentkez\u00e9s\u00fcket<\/a>, b\u00edzunk benne, hogy \u00d6n\u00f6ket is ki\u00e1ll\u00edt\u00f3ink k\u00f6z\u00f6tt \u00fcdv\u00f6z\u00f6lhetj\u00fck!<\/p>\n","protected":false},"excerpt":{"rendered":"<p>Ez\u00faton szeretn\u00e9nk felh\u00edvni sz\u00edves figyelm\u00fcket&nbsp;a 2022. szeptember 29-30.&nbsp;k\u00f6z\u00f6tt megrendez\u00e9sre ker\u00fcl\u0151 Semmelweis \u0150szi Fog\u00e1szati Napok keret\u00e9ben tartand\u00f3 ki\u00e1ll\u00edt\u00e1sra. A ki\u00e1ll\u00edt\u00e1s helysz\u00edne: &nbsp;ELTE L\u00e1gym\u00e1nyosi Campus \u00c9szaki t\u00f6mbje&nbsp;(1117 Budapest, P\u00e1zm\u00e1ny P\u00e9ter s\u00e9t\u00e1ny 1\/a.). V\u00e1rjuk sz\u00edves&nbsp;jelentkez\u00e9s\u00fcket, b\u00edzunk benne, hogy \u00d6n\u00f6ket is ki\u00e1ll\u00edt\u00f3ink k\u00f6z\u00f6tt \u00fcdv\u00f6z\u00f6lhetj\u00fck!<\/p>\n","protected":false},"author":1,"featured_media":452,"comment_status":"open","ping_status":"open","sticky":false,"template":"","format":"standard","meta":{"footnotes":""},"categories":[1],"tags":[],"jetpack_featured_media_url":"http:\/\/fokesz.hu\/wordpress\/wp-content\/uploads\/2022\/06\/IMG_2367-scaled-960x560-1.jpg","_links":{"self":[{"href":"http:\/\/fokesz.hu\/wordpress\/wp-json\/wp\/v2\/posts\/447"}],"collection":[{"href":"http:\/\/fokesz.hu\/wordpress\/wp-json\/wp\/v2\/posts"}],"about":[{"href":"http:\/\/fokesz.hu\/wordpress\/wp-json\/wp\/v2\/types\/post"}],"author":[{"embeddable":true,"href":"http:\/\/fokesz.hu\/wordpress\/wp-json\/wp\/v2\/users\/1"}],"replies":[{"embeddable":true,"href":"http:\/\/fokesz.hu\/wordpress\/wp-json\/wp\/v2\/comments?post=447"}],"version-history":[{"count":1,"href":"http:\/\/fokesz.hu\/wordpress\/wp-json\/wp\/v2\/posts\/447\/revisions"}],"predecessor-version":[{"id":448,"href":"http:\/\/fokesz.hu\/wordpress\/wp-json\/wp\/v2\/posts\/447\/revisions\/448"}],"wp:featuredmedia":[{"embeddable":true,"href":"http:\/\/fokesz.hu\/wordpress\/wp-json\/wp\/v2\/media\/452"}],"wp:attachment":[{"href":"http:\/\/fokesz.hu\/wordpress\/wp-json\/wp\/v2\/media?parent=447"}],"wp:term":[{"taxonomy":"category","embeddable":true,"href":"http:\/\/fokesz.hu\/wordpress\/wp-json\/wp\/v2\/categories?post=447"},{"taxonomy":"post_tag","embeddable":true,"href":"http:\/\/fokesz.hu\/wordpress\/wp-json\/wp\/v2\/tags?post=447"}],"curies":[{"name":"wp","href":"https:\/\/api.w.org\/{rel}","templated":true}]}}