{"id":442,"date":"2021-05-01T06:28:00","date_gmt":"2021-05-01T06:28:00","guid":{"rendered":"http:\/\/fokesz.hu\/wordpress\/?p=442"},"modified":"2022-12-02T06:05:57","modified_gmt":"2022-12-02T06:05:57","slug":"elmarad-2021-magyar-fogorvosnapok","status":"publish","type":"post","link":"http:\/\/fokesz.hu\/wordpress\/2021\/05\/01\/elmarad-2021-magyar-fogorvosnapok\/","title":{"rendered":"ELMARAD 2021 Magyar Fogorvosnapok"},"content":{"rendered":"\n<p>Sajn\u00e1lattal kell k\u00f6z\u00f6ln\u00fcnk, hogy a Magyar Orvosi Kamara Fogorvosi Tagozata hosszas m\u00e9rlegel\u00e9s ut\u00e1n, meghozta a d\u00f6nt\u00e9st, amely \u00e9rtelm\u00e9ben k\u00e9nytelenek vagyunk lemondani a 2021. \u00e9vi Magyar Fogorvosnapok ki\u00e1ll\u00edt\u00e1s megtart\u00e1s\u00e1r\u00f3l.&nbsp;<\/p>\n\n\n\n<p><br>Az elm\u00falt h\u00f3napok j\u00e1rv\u00e1nyvesz\u00e9lyes id\u0151szakaiban is mindv\u00e9gig dolgozva \u00e9s b\u00edzva a helyzet javul\u00e1s\u00e1ban rend\u00fcletlen\u00fcl, nagy kitart\u00e1ssal munk\u00e1lkodtunk a k\u00e9t \u00e9vente megrendez\u00e9sre ker\u00fcl\u0151 szakmai esem\u00e9ny m\u00e9lt\u00f3 szervez\u00e9s\u00e9n.&nbsp;<br><br>A rendezv\u00e9ny tervezett \u00faj id\u0151pontja 2022 m\u00e1jus. Az idei \u00e9vben egy napos online k\u00e9pz\u00e9s v\u00e1ltja ki a tervezett nagyszab\u00e1s\u00fa programot.&nbsp;<br><br>Tov\u00e1bbi fontos inform\u00e1ci\u00f3, hogy az \u0151szi ki\u00e1ll\u00edt\u00e1s id\u0151pontja szint\u00e9n m\u00f3dos\u00edt\u00e1sra ker\u00fclt. A meghirdet\u00e9sre ker\u00fcl\u0151&nbsp; \u00faj id\u0151pont 2021. szeptember 30, okt\u00f3ber 1-2.&nbsp;<\/p>\n","protected":false},"excerpt":{"rendered":"<p>Sajn\u00e1lattal kell k\u00f6z\u00f6ln\u00fcnk, hogy a Magyar Orvosi Kamara Fogorvosi Tagozata hosszas m\u00e9rlegel\u00e9s ut\u00e1n, meghozta a d\u00f6nt\u00e9st, amely \u00e9rtelm\u00e9ben k\u00e9nytelenek vagyunk lemondani a 2021. \u00e9vi Magyar Fogorvosnapok ki\u00e1ll\u00edt\u00e1s megtart\u00e1s\u00e1r\u00f3l.&nbsp; Az elm\u00falt h\u00f3napok j\u00e1rv\u00e1nyvesz\u00e9lyes id\u0151szakaiban is mindv\u00e9gig dolgozva \u00e9s b\u00edzva a helyzet javul\u00e1s\u00e1ban rend\u00fcletlen\u00fcl, nagy kitart\u00e1ssal munk\u00e1lkodtunk a k\u00e9t \u00e9vente megrendez\u00e9sre ker\u00fcl\u0151 szakmai esem\u00e9ny m\u00e9lt\u00f3 szervez\u00e9s\u00e9n.&nbsp; A [&hellip;]<\/p>\n","protected":false},"author":1,"featured_media":456,"comment_status":"open","ping_status":"open","sticky":false,"template":"","format":"standard","meta":{"footnotes":""},"categories":[1],"tags":[],"jetpack_featured_media_url":"http:\/\/fokesz.hu\/wordpress\/wp-content\/uploads\/2021\/05\/Photo_2018._05._04._11_54_02.jpg","_links":{"self":[{"href":"http:\/\/fokesz.hu\/wordpress\/wp-json\/wp\/v2\/posts\/442"}],"collection":[{"href":"http:\/\/fokesz.hu\/wordpress\/wp-json\/wp\/v2\/posts"}],"about":[{"href":"http:\/\/fokesz.hu\/wordpress\/wp-json\/wp\/v2\/types\/post"}],"author":[{"embeddable":true,"href":"http:\/\/fokesz.hu\/wordpress\/wp-json\/wp\/v2\/users\/1"}],"replies":[{"embeddable":true,"href":"http:\/\/fokesz.hu\/wordpress\/wp-json\/wp\/v2\/comments?post=442"}],"version-history":[{"count":1,"href":"http:\/\/fokesz.hu\/wordpress\/wp-json\/wp\/v2\/posts\/442\/revisions"}],"predecessor-version":[{"id":443,"href":"http:\/\/fokesz.hu\/wordpress\/wp-json\/wp\/v2\/posts\/442\/revisions\/443"}],"wp:featuredmedia":[{"embeddable":true,"href":"http:\/\/fokesz.hu\/wordpress\/wp-json\/wp\/v2\/media\/456"}],"wp:attachment":[{"href":"http:\/\/fokesz.hu\/wordpress\/wp-json\/wp\/v2\/media?parent=442"}],"wp:term":[{"taxonomy":"category","embeddable":true,"href":"http:\/\/fokesz.hu\/wordpress\/wp-json\/wp\/v2\/categories?post=442"},{"taxonomy":"post_tag","embeddable":true,"href":"http:\/\/fokesz.hu\/wordpress\/wp-json\/wp\/v2\/tags?post=442"}],"curies":[{"name":"wp","href":"https:\/\/api.w.org\/{rel}","templated":true}]}}