{"id":440,"date":"2021-04-09T06:24:00","date_gmt":"2021-04-09T06:24:00","guid":{"rendered":"http:\/\/fokesz.hu\/wordpress\/?p=440"},"modified":"2022-12-01T06:27:39","modified_gmt":"2022-12-01T06:27:39","slug":"magyar-fogorvosnapok-2021","status":"publish","type":"post","link":"http:\/\/fokesz.hu\/wordpress\/2021\/04\/09\/magyar-fogorvosnapok-2021\/","title":{"rendered":"Magyar Fogorvosnapok 2021"},"content":{"rendered":"\n<h2 class=\"wp-block-heading\">Kedves Keresked\u0151 T\u00e1rsam!&nbsp;<br><\/h2>\n\n\n\n<p>Nagyon sok id\u0151 telt el az\u00f3ta, ami\u00f3ta nem tal\u00e1lkozhattunk sem tov\u00e1bbk\u00e9pz\u00e9seken, sem ki\u00e1ll\u00edt\u00e1sokon, sem a FoKeSz \u00fcl\u00e9seken.<\/p>\n\n\n\n<p>Mindannyian saj\u00e1t gondjainkkal, f\u00e9lelmeinkkel voltunk elfoglalva, valamint az \u00faj helyzet adta kih\u00edv\u00e1sokkal.<\/p>\n\n\n\n<p>Tal\u00e1n m\u00e1r l\u00e1that\u00f3 n\u00e9mi f\u00e9ny az alag\u00fat v\u00e9g\u00e9n, \u00e9s lassan ism\u00e9t elindulhat a v\u00e1rva v\u00e1rt vissza\u00fat a r\u00e9gi \u00e9let\u00fcnk fel\u00e9.<\/p>\n\n\n\n<p>Ennek egyik nagyon pozit\u00edv el\u0151jele, hogy a&nbsp;<em>Magyar Orvosi Kamara Fogorvosi Tagozata&nbsp;<\/em>vezet\u00e9se kezdem\u00e9nyez\u00e9s\u00e9vel konkr\u00e9t id\u0151pont ker\u00fclt meghat\u00e1roz\u00e1sra az idei, egy\u00e9bk\u00e9nt k\u00e9t\u00e9vente megrendez\u00e9sre ker\u00fcl\u0151&nbsp;<strong>Magyar Fogorvosnapok<\/strong>&nbsp;rendezv\u00e9ny tekintet\u00e9ben.<\/p>\n\n\n\n<p><strong>Ez az id\u0151pont 2021. j\u00fanius 18-19.&nbsp;<\/strong><br><br>Az aktu\u00e1lis Covid helyzet \u00e9s az el\u0151rejelz\u00e9sek alapj\u00e1n az orvosszakmai&nbsp;vezet\u00e9s \u00fagy \u00edt\u00e9li&nbsp;meg, hogy j\u00fanius k\u00f6zep\u00e9n a rendezv\u00e9nyt biztons\u00e1gosan meg lehet tartani.<\/p>\n\n\n\n<p>A jelenlegi el\u0151rejelz\u00e9sek szerint minden eddigin\u00e9l nagyobb v\u00e1rakoz\u00e1s \u00e9s jelentkez\u0151sz\u00e1m mellett kezd\u0151d\u00f6tt el a szervez\u00e9s.<br><\/p>\n\n\n\n<p><strong>A megszokott helysz\u00ednen a t\u00f6bb termes kialak\u00edt\u00e1s ism\u00e9t lehet\u0151v\u00e9 teszi k\u00f6zel 1200 orvos r\u00e9szv\u00e9tel\u00e9t.<\/strong><\/p>\n\n\n\n<p>Az&nbsp;el\u0151z\u0151 \u00e9vek gyakorlat\u00e1t\u00f3l&nbsp;elt\u00e9r\u0151en a jelentkez\u00e9si \u00e9s adatszolg\u00e1ltat\u00e1si&nbsp;hat\u00e1rid\u0151k nagyon lesz\u0171k\u00fcltek.<\/p>\n\n\n\n<p>Nagy feladat \u00e9s megfesz\u00edtett szervez\u0151i munka v\u00e1r r\u00e1nk ki\u00e1ll\u00edt\u00e1s szervez\u0151kre, hogy m\u00e9lt\u00f3k\u00e9ppen &#8211; a keresked\u0151k elv\u00e1r\u00e1sainak megfelel\u0151en &#8211; egy sz\u00ednvonalas \u00e9s l\u00e1tv\u00e1nyos, de m\u00e9gis szolid ki\u00e1ll\u00edt\u00e1sra ker\u00fclhessen sor.<\/p>\n\n\n\n<p>Ez\u00e9rt nagyon fontos, hogy&nbsp;<strong>minden ki\u00e1ll\u00edt\u00f3i \u00e9rdekl\u0151d\u00e9s \u00e9s ig\u00e9nybejelent\u00e9s \u201epostafordult\u00e1val\u201d&nbsp;<\/strong>jusson el a m\u00e1r oly sok \u00e9ve korrekt partner\u00fcnk, a mell\u00e9kletben k\u00fcld\u00f6tt kit\u00f6lt\u00f6tt dokumentumok keretein bel\u00fcl&nbsp;<strong>a S\u00e4mling Ki\u00e1ll\u00edt\u00e1si Kft. r\u00e9sz\u00e9re<\/strong>.<\/p>\n\n\n\n<p>El\u00e9 menve a jogos k\u00e9rd\u00e9snek fontos inform\u00e1ci\u00f3, miszerint amennyiben a rendezv\u00e9nyt a Covid helyzet gener\u00e1lta korm\u00e1nyzati megszor\u00edt\u00e1sok miatt nem lehet megtartani, \u00fagy a jelentkez\u0151 ki\u00e1ll\u00edt\u00f3k fel\u00e9 semmilyen k\u00f6lts\u00e9g nem jelentkezhet.<\/p>\n\n\n\n<p>R\u00e9szemr\u0151l m\u00e1r alig v\u00e1rom, hogy ism\u00e9t a keresked\u0151t\u00e1rsaimmal a ki\u00e1ll\u00edt\u00e1si standokon, vagy azok k\u00f6z\u00f6tt megbesz\u00e9lhessem az elm\u00falt t\u00f6bb mint egy \u00e9v t\u00f6rt\u00e9n\u00e9seit, tapasztalatait, \u00e9s a levont konzekvenci\u00e1kat.<\/p>\n\n\n\n<p>Valamint term\u00e9szetesen gondolva a jelent\u0151s sz\u00e1m\u00fa orvos jelenl\u00e9t\u00e9re sok \u00faj \u00fczlet k\u00f6ttethessen.<\/p>\n\n\n\n<p>Biztos vagyok benne, hogy nem csak \u00e9n, hanem mindannyian \u00edgy vagyunk ezzel.<\/p>\n\n\n\n<p>K\u00e9rek minden \u00e9rdekl\u0151d\u0151t, hogy a lehet\u0151 leggyorsabban jelezze elk\u00e9pzel\u00e9seit, tegye fel k\u00e9rd\u00e9seit.<\/p>\n\n\n\n<p>A ki\u00e1ll\u00edt\u00f3i ter\u00fclet nagys\u00e1ga v\u00e9ges, \u00e9s a helykioszt\u00e1s a kor\u00e1bban megszokottak, valamint a jelentkez\u00e9si lapban le\u00edrtak szerint fog megt\u00f6rt\u00e9nni.<\/p>\n\n\n\n<p>K\u00f6sz\u00f6nettel,<\/p>\n\n\n\n<p><br><strong>FoKeSz<\/strong><\/p>\n\n\n\n<p><strong>Varga J\u00f3zsef eln\u00f6k<\/strong><\/p>\n","protected":false},"excerpt":{"rendered":"<p>Kedves Keresked\u0151 T\u00e1rsam!&nbsp; Nagyon sok id\u0151 telt el az\u00f3ta, ami\u00f3ta nem tal\u00e1lkozhattunk sem tov\u00e1bbk\u00e9pz\u00e9seken, sem ki\u00e1ll\u00edt\u00e1sokon, sem a FoKeSz \u00fcl\u00e9seken. Mindannyian saj\u00e1t gondjainkkal, f\u00e9lelmeinkkel voltunk elfoglalva, valamint az \u00faj helyzet adta kih\u00edv\u00e1sokkal. Tal\u00e1n m\u00e1r l\u00e1that\u00f3 n\u00e9mi f\u00e9ny az alag\u00fat v\u00e9g\u00e9n, \u00e9s lassan ism\u00e9t elindulhat a v\u00e1rva v\u00e1rt vissza\u00fat a r\u00e9gi \u00e9let\u00fcnk fel\u00e9. Ennek egyik nagyon [&hellip;]<\/p>\n","protected":false},"author":1,"featured_media":0,"comment_status":"open","ping_status":"open","sticky":false,"template":"","format":"standard","meta":{"footnotes":""},"categories":[1],"tags":[],"jetpack_featured_media_url":"","_links":{"self":[{"href":"http:\/\/fokesz.hu\/wordpress\/wp-json\/wp\/v2\/posts\/440"}],"collection":[{"href":"http:\/\/fokesz.hu\/wordpress\/wp-json\/wp\/v2\/posts"}],"about":[{"href":"http:\/\/fokesz.hu\/wordpress\/wp-json\/wp\/v2\/types\/post"}],"author":[{"embeddable":true,"href":"http:\/\/fokesz.hu\/wordpress\/wp-json\/wp\/v2\/users\/1"}],"replies":[{"embeddable":true,"href":"http:\/\/fokesz.hu\/wordpress\/wp-json\/wp\/v2\/comments?post=440"}],"version-history":[{"count":1,"href":"http:\/\/fokesz.hu\/wordpress\/wp-json\/wp\/v2\/posts\/440\/revisions"}],"predecessor-version":[{"id":441,"href":"http:\/\/fokesz.hu\/wordpress\/wp-json\/wp\/v2\/posts\/440\/revisions\/441"}],"wp:attachment":[{"href":"http:\/\/fokesz.hu\/wordpress\/wp-json\/wp\/v2\/media?parent=440"}],"wp:term":[{"taxonomy":"category","embeddable":true,"href":"http:\/\/fokesz.hu\/wordpress\/wp-json\/wp\/v2\/categories?post=440"},{"taxonomy":"post_tag","embeddable":true,"href":"http:\/\/fokesz.hu\/wordpress\/wp-json\/wp\/v2\/tags?post=440"}],"curies":[{"name":"wp","href":"https:\/\/api.w.org\/{rel}","templated":true}]}}