{"id":438,"date":"2019-02-01T06:21:00","date_gmt":"2019-02-01T06:21:00","guid":{"rendered":"http:\/\/fokesz.hu\/wordpress\/?p=438"},"modified":"2022-12-01T06:24:05","modified_gmt":"2022-12-01T06:24:05","slug":"magyar-fogorvosnapok-2019","status":"publish","type":"post","link":"http:\/\/fokesz.hu\/wordpress\/2019\/02\/01\/magyar-fogorvosnapok-2019\/","title":{"rendered":"Magyar Fogorvosnapok 2019"},"content":{"rendered":"\n<p><strong>Tisztelt H\u00f6lgyem \/ Uram!<\/strong><\/p>\n\n\n\n<p><br>Engedje meg, hogy figyelm\u00e9be aj\u00e1nljuk \u00e9s egyben megh\u00edvjuk \u00d6n\u00f6ket, vegyenek r\u00e9szt a<br><strong>Magyar Orvosi Kamara Fogorvosi Tagozata \u00e9s a Fog\u00e1szati Keresked\u0151k \u00e9s Gy\u00e1rt\u00f3k Sz\u00f6vets\u00e9ge<\/strong><br>k\u00f6z\u00f6s \u00f6sszefog\u00e1s\u00e1ban megrendez\u00e9sre ker\u00fcl\u0151 <strong>Magyar Fogorvosnapok <\/strong>rendezv\u00e9nyhez kapcsol\u00f3d\u00f3 ki\u00e1ll\u00edt\u00e1son.<\/p>\n\n\n\n<p><br><strong>A rendezv\u00e9ny neve: Magyar Fogorvosnapok <\/strong><\/p>\n\n\n\n<p><strong>A rendezv\u00e9ny id\u0151pontja: 2019. m\u00e1jus 17-18. <\/strong><\/p>\n\n\n\n<p><strong>A rendezv\u00e9ny helysz\u00edne: ELTE L\u00e1gym\u00e1nyosi Campus, \u00c9szaki t\u00f6mb<\/strong><br><strong>1117 Budapest, P\u00e1zm\u00e1ny P\u00e9ter s\u00e9t\u00e1ny 1\/A.<\/strong><\/p>\n\n\n\n<p><br>A Magyar Fogorvosnapokra mely k\u00e9t \u00e9vente ker\u00fcl megrendez\u00e9sre, olyan ki\u00e1ll\u00edt\u00f3kat invit\u00e1lunk, akik a fog\u00e1szat valamely ter\u00fclet\u00e9n gy\u00e1rtanak vagy forgalmaznak fogorvosok \u00e9s fogtechnikusok r\u00e9sz\u00e9re k\u00fcl\u00f6nb\u00f6z\u0151 anyagokat, g\u00e9peket, eszk\u00f6z\u00f6ket, m\u0171szereket, berendez\u00e9seket, szoftvereket, stb.<\/p>\n\n\n\n<p><br>A ki\u00e1ll\u00edt\u00f3k \u00e9p\u00edtett standokon, kult\u00far\u00e1lt k\u00f6rnyezetben mutathatj\u00e1k be term\u00e9keiket, szolg\u00e1ltat\u00e1saikat.<br>A Semmelweis Egyetem Fogorvostudom\u00e1nyi Kara \u00e1ltal szervezett akkredit\u00e1lt k\u00f6telez\u0151 szinten tart\u00f3 tov\u00e1bbk\u00e9pz\u00e9sen 700 regisztr\u00e1lt orvos r\u00e9szv\u00e9tele garant\u00e1lt.<\/p>\n\n\n\n<p><br>Hamarosan megk\u00fcldj\u00fck \u00d6nnek a ki\u00e1ll\u00edt\u00e1sra sz\u00f3l\u00f3 jelentkez\u00e9si lapot, valamint a jelentkez\u00e9s \u00e9s r\u00e9szv\u00e9tel<br>felt\u00e9teleit tartalmaz\u00f3 t\u00e1j\u00e9koztat\u00f3kat.<\/p>\n\n\n\n<p><br>A jelentkez\u00e9si lapot \u2013 a r\u00e9szv\u00e9teli felt\u00e9telek tanulm\u00e1nyoz\u00e1sa ut\u00e1n \u2013 pontosan, olvashat\u00f3an kit\u00f6ltve<br><strong>2019. febru\u00e1r 18-ig <\/strong>sz\u00edveskedjenek a szervez\u0151kh\u00f6z eljuttatni! K\u00e9rj\u00fck a hat\u00e1rid\u0151 pontos betart\u00e1s\u00e1t!<br><br>A helykioszt\u00e1s sor\u00e1n el\u0151nyt biztos\u00edtunk a kor\u00e1bbi r\u00e9sztvev\u0151k sz\u00e1m\u00e1ra, figyelemmel lesz\u00fcnk a jelentkez\u00e9si<br>hat\u00e1rid\u0151 betart\u00e1s\u00e1ra, a v\u00e9gleges\u00edt\u00e9sn\u00e9l pedig ellen\u0151rizz\u00fck a fizet\u00e9si felt\u00e9telek teljes\u00edt\u00e9s\u00e9t.<br>B\u00edzom benne, hogy a rendezv\u00e9ny a ki\u00e1ll\u00edt\u00f3k, r\u00e9sztvev\u0151k \u00e9s a szervez\u0151k szempontj\u00e1b\u00f3l is eredm\u00e9nyesen zajlik majd le, ennek \u00e9rdek\u00e9ben a FoKeSz vezet\u00e9se \u00e9s munkat\u00e1rsai minden t\u0151l\u00fck telhet\u0151t megtesznek.<br>K\u00e9r\u00e9seikkel, k\u00e9rd\u00e9seikkel forduljanak bizalommal a FoKeSz eln\u00f6ks\u00e9gi tagjaihoz, illetve a ki\u00e1ll\u00edt\u00e1st szervez\u0151 S\u00e4mling Ki\u00e1ll\u00edt\u00e1si Kft. munkat\u00e1rsaihoz, akik k\u00e9szs\u00e9ggel \u00e1llnak rendelkez\u00e9s\u00fckre.<\/p>\n\n\n\n<p><br>Tisztelettel:<br><strong>Varga J\u00f3zsef<\/strong><br>FoKeSz eln\u00f6k<\/p>\n","protected":false},"excerpt":{"rendered":"<p>Tisztelt H\u00f6lgyem \/ Uram! Engedje meg, hogy figyelm\u00e9be aj\u00e1nljuk \u00e9s egyben megh\u00edvjuk \u00d6n\u00f6ket, vegyenek r\u00e9szt aMagyar Orvosi Kamara Fogorvosi Tagozata \u00e9s a Fog\u00e1szati Keresked\u0151k \u00e9s Gy\u00e1rt\u00f3k Sz\u00f6vets\u00e9gek\u00f6z\u00f6s \u00f6sszefog\u00e1s\u00e1ban megrendez\u00e9sre ker\u00fcl\u0151 Magyar Fogorvosnapok rendezv\u00e9nyhez kapcsol\u00f3d\u00f3 ki\u00e1ll\u00edt\u00e1son. A rendezv\u00e9ny neve: Magyar Fogorvosnapok A rendezv\u00e9ny id\u0151pontja: 2019. m\u00e1jus 17-18. A rendezv\u00e9ny helysz\u00edne: ELTE L\u00e1gym\u00e1nyosi Campus, \u00c9szaki t\u00f6mb1117 Budapest, [&hellip;]<\/p>\n","protected":false},"author":1,"featured_media":0,"comment_status":"open","ping_status":"open","sticky":false,"template":"","format":"standard","meta":{"footnotes":""},"categories":[1],"tags":[],"jetpack_featured_media_url":"","_links":{"self":[{"href":"http:\/\/fokesz.hu\/wordpress\/wp-json\/wp\/v2\/posts\/438"}],"collection":[{"href":"http:\/\/fokesz.hu\/wordpress\/wp-json\/wp\/v2\/posts"}],"about":[{"href":"http:\/\/fokesz.hu\/wordpress\/wp-json\/wp\/v2\/types\/post"}],"author":[{"embeddable":true,"href":"http:\/\/fokesz.hu\/wordpress\/wp-json\/wp\/v2\/users\/1"}],"replies":[{"embeddable":true,"href":"http:\/\/fokesz.hu\/wordpress\/wp-json\/wp\/v2\/comments?post=438"}],"version-history":[{"count":1,"href":"http:\/\/fokesz.hu\/wordpress\/wp-json\/wp\/v2\/posts\/438\/revisions"}],"predecessor-version":[{"id":439,"href":"http:\/\/fokesz.hu\/wordpress\/wp-json\/wp\/v2\/posts\/438\/revisions\/439"}],"wp:attachment":[{"href":"http:\/\/fokesz.hu\/wordpress\/wp-json\/wp\/v2\/media?parent=438"}],"wp:term":[{"taxonomy":"category","embeddable":true,"href":"http:\/\/fokesz.hu\/wordpress\/wp-json\/wp\/v2\/categories?post=438"},{"taxonomy":"post_tag","embeddable":true,"href":"http:\/\/fokesz.hu\/wordpress\/wp-json\/wp\/v2\/tags?post=438"}],"curies":[{"name":"wp","href":"https:\/\/api.w.org\/{rel}","templated":true}]}}