{"id":436,"date":"2018-09-05T06:19:00","date_gmt":"2018-09-05T06:19:00","guid":{"rendered":"http:\/\/fokesz.hu\/wordpress\/?p=436"},"modified":"2022-12-01T06:21:54","modified_gmt":"2022-12-01T06:21:54","slug":"semmelweis-oszi-fogaszati-napok-2018","status":"publish","type":"post","link":"http:\/\/fokesz.hu\/wordpress\/2018\/09\/05\/semmelweis-oszi-fogaszati-napok-2018\/","title":{"rendered":"Semmelweis \u0150szi Fog\u00e1szati Napok 2018"},"content":{"rendered":"\n<p><strong>Kedves Ki\u00e1ll\u00edt\u00f3nk!<\/strong><br><br>A 2018. okt\u00f3ber 5-6-\u00e1n megrendez\u00e9sre ker\u00fcl\u0151 ki\u00e1ll\u00edt\u00e1s kapcs\u00e1n nagyon fontos \u00e9s hasznos \u00faj inform\u00e1ci\u00f3kat tal\u00e1lnak az \u00e9p\u00edt\u00e9sre-bont\u00e1sra, a parkol\u00e1sra \u00e9s a ki\u00e1ll\u00edt\u00e1s nyitvatart\u00e1s\u00e1ra vonatkoz\u00f3an az al\u00e1bbi linken:<strong><a href=\"http:\/\/hungarodent.com\/semmelweis-oszi-fogaszati-napok-2018-epites-nyitvatartas-epites-bontas-parkolas\/\" target=\"_blank\" rel=\"noreferrer noopener\">http:\/\/hungarodent.com\/semmelweis-oszi-fogaszati-napok-2018-epites-nyitvatartas-epites-bontas-parkolas\/<\/a><br><br><\/strong>K\u00f6sz\u00f6nettel,<\/p>\n\n\n\n<p>Varga J\u00f3zsef&nbsp; &nbsp;Somos Andr\u00e1s<\/p>\n\n\n\n<p>FoKeSz eln\u00f6k\u00a0S\u00e4mling Ki\u00e1ll\u00edt\u00e1si Kft.<\/p>\n\n\n\n<p><\/p>\n\n\n\n<p>A 2018. okt\u00f3ber 4-5-6. Semmelweis \u0150szi Fog\u00e1szati Napok r\u00e9szletes szakmai programj\u00e1t itt tekinthetik meg:\u00a0<a rel=\"noreferrer noopener\" href=\"http:\/\/hungarodent.com\/latogatoknak\/#programok\" target=\"_blank\">http:\/\/hungarodent.com\/latogatoknak\/#programok<\/a><\/p>\n","protected":false},"excerpt":{"rendered":"<p>Kedves Ki\u00e1ll\u00edt\u00f3nk! A 2018. okt\u00f3ber 5-6-\u00e1n megrendez\u00e9sre ker\u00fcl\u0151 ki\u00e1ll\u00edt\u00e1s kapcs\u00e1n nagyon fontos \u00e9s hasznos \u00faj inform\u00e1ci\u00f3kat tal\u00e1lnak az \u00e9p\u00edt\u00e9sre-bont\u00e1sra, a parkol\u00e1sra \u00e9s a ki\u00e1ll\u00edt\u00e1s nyitvatart\u00e1s\u00e1ra vonatkoz\u00f3an az al\u00e1bbi linken:http:\/\/hungarodent.com\/semmelweis-oszi-fogaszati-napok-2018-epites-nyitvatartas-epites-bontas-parkolas\/ K\u00f6sz\u00f6nettel, Varga J\u00f3zsef&nbsp; &nbsp;Somos Andr\u00e1s FoKeSz eln\u00f6k\u00a0S\u00e4mling Ki\u00e1ll\u00edt\u00e1si Kft. A 2018. okt\u00f3ber 4-5-6. Semmelweis \u0150szi Fog\u00e1szati Napok r\u00e9szletes szakmai programj\u00e1t itt tekinthetik meg:\u00a0http:\/\/hungarodent.com\/latogatoknak\/#programok<\/p>\n","protected":false},"author":1,"featured_media":0,"comment_status":"open","ping_status":"open","sticky":false,"template":"","format":"standard","meta":{"footnotes":""},"categories":[1],"tags":[],"jetpack_featured_media_url":"","_links":{"self":[{"href":"http:\/\/fokesz.hu\/wordpress\/wp-json\/wp\/v2\/posts\/436"}],"collection":[{"href":"http:\/\/fokesz.hu\/wordpress\/wp-json\/wp\/v2\/posts"}],"about":[{"href":"http:\/\/fokesz.hu\/wordpress\/wp-json\/wp\/v2\/types\/post"}],"author":[{"embeddable":true,"href":"http:\/\/fokesz.hu\/wordpress\/wp-json\/wp\/v2\/users\/1"}],"replies":[{"embeddable":true,"href":"http:\/\/fokesz.hu\/wordpress\/wp-json\/wp\/v2\/comments?post=436"}],"version-history":[{"count":1,"href":"http:\/\/fokesz.hu\/wordpress\/wp-json\/wp\/v2\/posts\/436\/revisions"}],"predecessor-version":[{"id":437,"href":"http:\/\/fokesz.hu\/wordpress\/wp-json\/wp\/v2\/posts\/436\/revisions\/437"}],"wp:attachment":[{"href":"http:\/\/fokesz.hu\/wordpress\/wp-json\/wp\/v2\/media?parent=436"}],"wp:term":[{"taxonomy":"category","embeddable":true,"href":"http:\/\/fokesz.hu\/wordpress\/wp-json\/wp\/v2\/categories?post=436"},{"taxonomy":"post_tag","embeddable":true,"href":"http:\/\/fokesz.hu\/wordpress\/wp-json\/wp\/v2\/tags?post=436"}],"curies":[{"name":"wp","href":"https:\/\/api.w.org\/{rel}","templated":true}]}}