{"id":432,"date":"2017-04-20T06:16:00","date_gmt":"2017-04-20T06:16:00","guid":{"rendered":"http:\/\/fokesz.hu\/wordpress\/?p=432"},"modified":"2022-12-01T06:17:09","modified_gmt":"2022-12-01T06:17:09","slug":"magyar-fogorvosnapok-2017-majus-5-6-millenaris","status":"publish","type":"post","link":"http:\/\/fokesz.hu\/wordpress\/2017\/04\/20\/magyar-fogorvosnapok-2017-majus-5-6-millenaris\/","title":{"rendered":"Magyar Fogorvosnapok 2017 m\u00e1jus 5-6. Millen\u00e1ris"},"content":{"rendered":"\n<p><strong>Tisztelt \u00c9rdekl\u0151d\u0151k!<br><\/strong><\/p>\n\n\n\n<p>Vegyen&nbsp;r\u00e9szt&nbsp;az&nbsp;idei&nbsp;\u00e9v els\u0151 jelent\u0151s fog\u00e1szati tal\u00e1lkoz\u00f3j\u00e1n, melyet a Magyar Orvosi Kamara Fogorvosi Tagozata \u00e9s a Fog\u00e1szati Keresked\u0151k \u00e9s Gy\u00e1rt\u00f3k Sz\u00f6vets\u00e9ge k\u00f6z\u00f6s \u00f6sszefog\u00e1ssal h\u00edvott \u00e9letre!<\/p>\n\n\n\n<p>Szeretn\u00e9nk&nbsp;felh\u00edvni&nbsp;figyelm\u00e9t&nbsp;a szakmai&nbsp;fejl\u0151d\u00e9s \u00e9s tov\u00e1bbk\u00e9pz\u00e9si lehet\u0151s\u00e9g mellett a professzion\u00e1lis ki\u00e1ll\u00edt\u00f3k, fog\u00e1szati eszk\u00f6z\u00f6ket \u00e9s anyagokat forgalmaz\u00f3 keresked\u0151k sz\u00e9lesk\u00f6r\u0171 k\u00edn\u00e1lat\u00e1ra, melyet megtekinthet \u00e9s kiemelked\u0151en magas kedvezm\u00e9nyekkel a helysz\u00ednen megrendelhet, ill. meg is v\u00e1s\u00e1rolhat \u00e9s tal\u00e1lkozhat&nbsp;az&nbsp;IDS 2017 \u00fajdons\u00e1gaival.<br>&nbsp;<\/p>\n\n\n\n<p>Pr\u00f3b\u00e1ljon ki \u00faj technol\u00f3gi\u00e1kat, fejleszt\u00e9seket, eszk\u00f6z\u00f6ket,&nbsp;term\u00e9keket!<\/p>\n\n\n\n<p>K\u00f6ss\u00f6n \u00faj partner kapcsolatokat a piac TOP k\u00e9pvisel\u0151ivel!<br><br>A Magyar Fogorvosnapok 2017. m\u00e1jus 5-6-\u00e1n a Millen\u00e1rison ker\u00fcl megrendez\u00e9sre.<br><br>A ki\u00e1ll\u00edt\u00e1son val\u00f3 r\u00e9szv\u00e9teli ig\u00e9nyeikkel k\u00e9rj\u00fck keress\u00e9k a FoKeSz Irod\u00e1t az info@fokesz.hu email c\u00edmen!<\/p>\n","protected":false},"excerpt":{"rendered":"<p>Tisztelt \u00c9rdekl\u0151d\u0151k! Vegyen&nbsp;r\u00e9szt&nbsp;az&nbsp;idei&nbsp;\u00e9v els\u0151 jelent\u0151s fog\u00e1szati tal\u00e1lkoz\u00f3j\u00e1n, melyet a Magyar Orvosi Kamara Fogorvosi Tagozata \u00e9s a Fog\u00e1szati Keresked\u0151k \u00e9s Gy\u00e1rt\u00f3k Sz\u00f6vets\u00e9ge k\u00f6z\u00f6s \u00f6sszefog\u00e1ssal h\u00edvott \u00e9letre! Szeretn\u00e9nk&nbsp;felh\u00edvni&nbsp;figyelm\u00e9t&nbsp;a szakmai&nbsp;fejl\u0151d\u00e9s \u00e9s tov\u00e1bbk\u00e9pz\u00e9si lehet\u0151s\u00e9g mellett a professzion\u00e1lis ki\u00e1ll\u00edt\u00f3k, fog\u00e1szati eszk\u00f6z\u00f6ket \u00e9s anyagokat forgalmaz\u00f3 keresked\u0151k sz\u00e9lesk\u00f6r\u0171 k\u00edn\u00e1lat\u00e1ra, melyet megtekinthet \u00e9s kiemelked\u0151en magas kedvezm\u00e9nyekkel a helysz\u00ednen megrendelhet, ill. meg is v\u00e1s\u00e1rolhat [&hellip;]<\/p>\n","protected":false},"author":1,"featured_media":0,"comment_status":"open","ping_status":"open","sticky":false,"template":"","format":"standard","meta":{"footnotes":""},"categories":[1],"tags":[],"jetpack_featured_media_url":"","_links":{"self":[{"href":"http:\/\/fokesz.hu\/wordpress\/wp-json\/wp\/v2\/posts\/432"}],"collection":[{"href":"http:\/\/fokesz.hu\/wordpress\/wp-json\/wp\/v2\/posts"}],"about":[{"href":"http:\/\/fokesz.hu\/wordpress\/wp-json\/wp\/v2\/types\/post"}],"author":[{"embeddable":true,"href":"http:\/\/fokesz.hu\/wordpress\/wp-json\/wp\/v2\/users\/1"}],"replies":[{"embeddable":true,"href":"http:\/\/fokesz.hu\/wordpress\/wp-json\/wp\/v2\/comments?post=432"}],"version-history":[{"count":1,"href":"http:\/\/fokesz.hu\/wordpress\/wp-json\/wp\/v2\/posts\/432\/revisions"}],"predecessor-version":[{"id":433,"href":"http:\/\/fokesz.hu\/wordpress\/wp-json\/wp\/v2\/posts\/432\/revisions\/433"}],"wp:attachment":[{"href":"http:\/\/fokesz.hu\/wordpress\/wp-json\/wp\/v2\/media?parent=432"}],"wp:term":[{"taxonomy":"category","embeddable":true,"href":"http:\/\/fokesz.hu\/wordpress\/wp-json\/wp\/v2\/categories?post=432"},{"taxonomy":"post_tag","embeddable":true,"href":"http:\/\/fokesz.hu\/wordpress\/wp-json\/wp\/v2\/tags?post=432"}],"curies":[{"name":"wp","href":"https:\/\/api.w.org\/{rel}","templated":true}]}}