{"id":430,"date":"2017-03-01T06:13:00","date_gmt":"2017-03-01T06:13:00","guid":{"rendered":"http:\/\/fokesz.hu\/wordpress\/?p=430"},"modified":"2022-12-01T06:15:38","modified_gmt":"2022-12-01T06:15:38","slug":"magyar-fogorvosnapok-2017","status":"publish","type":"post","link":"http:\/\/fokesz.hu\/wordpress\/2017\/03\/01\/magyar-fogorvosnapok-2017\/","title":{"rendered":"Magyar Fogorvosnapok 2017"},"content":{"rendered":"\n<p><strong>Tisztelt H\u00f6lgyem \/ Uram!<\/strong><\/p>\n\n\n\n<p>&nbsp;Engedje meg, hogy figyelm\u00e9be&nbsp; aj\u00e1nljuk \u00e9s egyben megh\u00edvjuk \u00d6n\u00f6ket, hogy vegyenek r\u00e9szt az idei \u00e9v els\u0151 jelent\u0151s fog\u00e1szati ki\u00e1ll\u00edt\u00e1s\u00e1n, amelyet a<\/p>\n\n\n\n<p><strong>Magyar Orvosi Kamara Fogorvosi Tagozata \u00e9s a Fog\u00e1szati Keresked\u0151k \u00e9s Gy\u00e1rt\u00f3k Sz\u00f6vets\u00e9ge<\/strong><\/p>\n\n\n\n<p>k\u00f6z\u00f6s \u00f6sszefog\u00e1ssal hozott l\u00e9tre.<\/p>\n\n\n\n<p>A rendezv\u00e9ny a&nbsp;<strong>Magyar Fogorvosnapok<\/strong>&nbsp;keretei k\u00f6z\u00f6tt ker\u00fcl megrendez\u00e9sre.<\/p>\n\n\n\n<p><strong>Id\u0151pontja: 2017. m\u00e1jus 5-6.<\/strong><\/p>\n\n\n\n<p><strong>Helysz\u00edne: 1024 Budapest, Millen\u00e1ris, Kis R\u00f3kus utca<\/strong><\/p>\n\n\n\n<p>B\u00e1r a helysz\u00edn \u00faj, a rendezv\u00e9ny a m\u00e1r igencsak bevezetett, hossz\u00fa \u00e9vek \u00f3ta a SOTE Nagyv\u00e1rad t\u00e9r-i elm\u00e9leti t\u00f6mbj\u00e9ben bonyol\u00edtott Magyar Fogorvosnapok tov\u00e1bb gondolt folytat\u00e1sa, mivel itt ide\u00e1lis helysz\u00ednen \u00e9s ter\u00fcleti korl\u00e1toz\u00e1sok n\u00e9lk\u00fcl tal\u00e1lkozhat az \u00e9rdekl\u0151d\u0151 \u00e9s ki\u00e1ll\u00edt\u00f3.<\/p>\n\n\n\n<p>Tov\u00e1bbra is v\u00e1rjuk azokat a r\u00e9sztvev\u0151ket, akik a fog\u00e1szat valamely ter\u00fclet\u00e9n gy\u00e1rtanak vagy forgalmaznak fogorvosok, fogtechnikusok r\u00e9sz\u00e9re k\u00fcl\u00f6nb\u00f6z\u0151 anyagokat, eszk\u00f6z\u00f6ket, m\u0171szereket, g\u00e9peket, berendez\u00e9seket, szoftvereket, stb.<\/p>\n\n\n\n<p><strong><em>Mi\u00e9rt az \u00faj helysz\u00edn?<\/em><\/strong><\/p>\n\n\n\n<ul>\n<li>\u2022&nbsp;a kor\u00e1bbi ter\u00fclet min\u0151s\u00e9g\u00e9ben \u00e9s m\u00e9ret\u00e9ben nem b\u0151v\u00edthet\u0151,<\/li>\n\n\n\n<li>\u2022&nbsp;az \u00faj helysz\u00edn ellenben szinte korl\u00e1tlanul igen, lehet\u0151s\u00e9get adva a r\u00e9gi ki\u00e1ll\u00edt\u00f3k fajs\u00falyosabb megjelen\u00e9s\u00e9re \u00e9s \u00faj partnerek, k\u00f6zt\u00fck nemzetk\u00f6zi gy\u00e1rt\u00f3k elhelyez\u00e9s\u00e9re<\/li>\n<\/ul>\n\n\n\n<p><strong><em>Miben t\u00f6bb az idei rendezv\u00e9ny az eddigiekn\u00e9l?<\/em><\/strong><\/p>\n\n\n\n<ul>\n<li>\u2022&nbsp;A Fogorvosi Kamara minden tagja sz\u00e1m\u00e1ra ingyenesen biztos\u00edtja a rendezv\u00e9nyen val\u00f3 r\u00e9szv\u00e9telt, bele\u00e9rtve az ig\u00e9nyes el\u0151ad\u00e1ssorozat megtekint\u00e9s\u00e9t \u00e9s ugyancsak ingyenes a r\u00e9szv\u00e9tel a fogtechnikusok \u00e9s m\u00e1s fog\u00e1szati szerepl\u0151k r\u00e9sz\u00e9re is.<\/li>\n\n\n\n<li>\u2022&nbsp;A tematika az innov\u00e1ci\u00f3nak&nbsp; kiemelt szerepet sz\u00e1n, \u00edgy a fejleszt\u00e9sben \u00e9s fejl\u0151d\u00e9sben \u00e9rdekelt l\u00e1togat\u00f3kra k\u00fcl\u00f6n\u00f6sen nagy s\u00falyt helyez.<\/li>\n\n\n\n<li>\u2022&nbsp;K\u00fcl\u00f6n blokkot k\u00e9pez a fogtechnikusoknak sz\u00f3l\u00f3 el\u0151ad\u00e1ssorozat \u00e9s ennek k\u00f6vetkezt\u00e9ben nagy l\u00e9tsz\u00e1m\u00fa fogtechnikussal sz\u00e1molunk. &nbsp;<\/li>\n\n\n\n<li>\u2022\u00a0A Millen\u00e1ris egyfel\u0151l biztos\u00edtja ezt az ig\u00e9nyt, m\u00e1sfel\u0151l azonban \u00faj elemk\u00e9nt a fogorvosl\u00e1s leg\u00fajabb tudom\u00e1nyos eredm\u00e9nyeit, kutat\u00e1si ir\u00e1nyait magukban foglal\u00f3 trendjeit bemutat\u00f3 el\u0151ad\u00e1sok kapnak helyet, ahol a kulcs szavak:\n<ul>\n<li>\u00ac&nbsp;<em>tudom\u00e1ny<\/em><\/li>\n\n\n\n<li>\u00ac&nbsp;<em>technol\u00f3gia<\/em><\/li>\n\n\n\n<li>\u00ac&nbsp;<em>innov\u00e1ci\u00f3<\/em><\/li>\n\n\n\n<li>\u00ac&nbsp;<em>fejl\u0151d\u00e9s<\/em><\/li>\n\n\n\n<li>\u00ac&nbsp;<em>\u00faj ir\u00e1nyok<\/em><\/li>\n\n\n\n<li>\u00ac&nbsp;<em>\u00faj megold\u00e1sok<\/em><\/li>\n<\/ul>\n<\/li>\n<\/ul>\n\n\n\n<ul>\n<li>\u2022&nbsp;Ennek megfelel\u0151en a rendezv\u00e9ny nem csak a r\u00e9gi\u00f3, hanem az eg\u00e9sz orsz\u00e1g fogorvosait \u00e9s a szakm\u00e1hoz k\u00f6zeli k\u00f6r\u00f6ket sz\u00f3l\u00edtja meg, nem titkolt c\u00e9llal a nemzetk\u00f6zi nyit\u00e1sra, amit eddig a technikai k\u00f6r\u00fclm\u00e9nyek korl\u00e1toztak.<\/li>\n\n\n\n<li>\u2022&nbsp;A ki\u00e1ll\u00edt\u00e1si r\u00e9szv\u00e9tellel egy\u00fctt a gy\u00e1rt\u00f3k, forgalmaz\u00f3k sz\u00e1m\u00e1ra olyan csomag ker\u00fcl kidolgoz\u00e1sra, amely biztos\u00edtja, hogy a ki\u00e1ll\u00edt\u00e1s megnyit\u00e1sa el\u0151tt t\u00f6bbsz\u00f6ri alkalommal on-line marketing rekl\u00e1moz\u00e1si fel\u00fcleten hirdethetik kiemelt term\u00e9keiket, szolg\u00e1ltat\u00e1saikat, ez\u00faton k\u00f6zvetlen\u00fcl eljutva az orsz\u00e1g teljes orvos kamarai tags\u00e1g\u00e1hoz,&nbsp; a fogtechnikus t\u00e1rsadalomhoz, a dent\u00e1lhigi\u00e9nikusokhoz \u00e9s a szakam\u00e1hoz kapcsol\u00f3d\u00f3 m\u00e1s foglalkoz\u00e1sokhoz.<\/li>\n\n\n\n<li>\u2022&nbsp;Az IDS-en bemutatott \u00fajdons\u00e1gok a legfrissebben ker\u00fclnek bemutat\u00e1sra.<\/li>\n\n\n\n<li>\u2022&nbsp;A bemutatott eszk\u00f6z\u00f6k \u00e9s technik\u00e1k legnagyobb r\u00e9sze a helysz\u00ednen kipr\u00f3b\u00e1lhat\u00f3, vagy gyakorlati bemutat\u00e1sra ker\u00fcl.&nbsp;<\/li>\n<\/ul>\n\n\n\n<p><strong><em>Ami v\u00e1ltozatlan:<\/em><\/strong><\/p>\n\n\n\n<p>az el\u0151ad\u00e1sok \u00e9s a ki\u00e1ll\u00edt\u00e1s l\u00e1togat\u00e1sa tov\u00e1bbra is ingyenes<\/p>\n\n\n\n<p>garant\u00e1ltan magas \u00e9rdekl\u0151d\u0151 l\u00e9tsz\u00e1m, ami el\u0151rejelz\u00e9sek szerint napi&nbsp; 800-1.000 fogorvost \u00e9s 200-250 fogtechnikust vet\u00edt el\u0151re.<\/p>\n\n\n\n<p><strong>A ki\u00e1ll\u00edt\u00e1s r\u00e9szv\u00e9teli d\u00edja:<\/strong><\/p>\n\n\n\n<p><strong>36.000.-Ft.\/m2+\u00c1FA helyd\u00edj \u00e9s 30.000.-Ft.+\u00c1FA regisztr\u00e1ci\u00f3s d\u00edj.<\/strong><\/p>\n\n\n\n<p>A ki\u00e1ll\u00edt\u00e1s szervez\u00e9s\u00e9ben a Samling Ki\u00e1ll\u00edt\u00e1si Kft a megb\u00edzottunk, a p\u00e9nz\u00fcgyi bonyol\u00edt\u00e1st pedig a Metaforg Bt v\u00e9gzi.<\/p>\n\n\n\n<p>Szervez\u0151\u2018:&nbsp;P\u00e9nz\u00fcgyi bonyol\u00edt\u00e1s:<\/p>\n\n\n\n<p><strong>Samling Ki\u00e1ll\u00edt\u00e1si Kft&nbsp;Metaforg Bt.<\/strong><\/p>\n\n\n\n<p><strong>Sz\u00e9khely \u00e9s postac\u00edm:<\/strong>&nbsp; 2013 Pom\u00e1z, Illy\u00e9s Gyula u. 34.&nbsp;1083 Budapest, Ap\u00e1thy u. 8\/B.<\/p>\n\n\n\n<p><strong>Telephely:<\/strong>&nbsp;1151 Budapest, Bog\u00e1ncs u. 4.<\/p>\n\n\n\n<p><strong>Telefon:<\/strong>&nbsp;06-1\/287-6761<\/p>\n\n\n\n<p><strong>Fax:&nbsp;<\/strong>06-1\/287-6753<\/p>\n\n\n\n<p><strong>Mobil:<\/strong>&nbsp;06-20\/440-8514<\/p>\n\n\n\n<p><strong>e-mail:<\/strong>&nbsp;samling@samlingkft.hu<\/p>\n\n\n\n<p><strong>www.samlingkft.hu<\/strong><\/p>\n\n\n\n<p>Rem\u00e9lj\u00fck siker\u00fclt felkelteni \u00e9rdekl\u0151d\u00e9s\u00fcket. K\u00e9r\u00e9seikkel, k\u00e9rd\u00e9seikkel forduljanak bizalommal a FoKeSz eln\u00f6ks\u00e9gi tagjaihoz, illetve a ki\u00e1ll\u00edt\u00e1st szervez\u0151 Samling Ki\u00e1ll\u00edt\u00e1si Kft munkat\u00e1rsaihoz, akik k\u00e9szs\u00e9ggel \u00e1llnak rendelkez\u00e9s\u00fckre.<\/p>\n\n\n\n<p>Tisztelettel:<\/p>\n\n\n\n<p><strong>Kuntner Zolt\u00e1n<\/strong><\/p>\n\n\n\n<p>FoKeSZ eln\u00f6k<\/p>\n","protected":false},"excerpt":{"rendered":"<p>Tisztelt H\u00f6lgyem \/ Uram! &nbsp;Engedje meg, hogy figyelm\u00e9be&nbsp; aj\u00e1nljuk \u00e9s egyben megh\u00edvjuk \u00d6n\u00f6ket, hogy vegyenek r\u00e9szt az idei \u00e9v els\u0151 jelent\u0151s fog\u00e1szati ki\u00e1ll\u00edt\u00e1s\u00e1n, amelyet a Magyar Orvosi Kamara Fogorvosi Tagozata \u00e9s a Fog\u00e1szati Keresked\u0151k \u00e9s Gy\u00e1rt\u00f3k Sz\u00f6vets\u00e9ge k\u00f6z\u00f6s \u00f6sszefog\u00e1ssal hozott l\u00e9tre. A rendezv\u00e9ny a&nbsp;Magyar Fogorvosnapok&nbsp;keretei k\u00f6z\u00f6tt ker\u00fcl megrendez\u00e9sre. Id\u0151pontja: 2017. m\u00e1jus 5-6. Helysz\u00edne: 1024 Budapest, [&hellip;]<\/p>\n","protected":false},"author":1,"featured_media":0,"comment_status":"open","ping_status":"open","sticky":false,"template":"","format":"standard","meta":{"footnotes":""},"categories":[1],"tags":[],"jetpack_featured_media_url":"","_links":{"self":[{"href":"http:\/\/fokesz.hu\/wordpress\/wp-json\/wp\/v2\/posts\/430"}],"collection":[{"href":"http:\/\/fokesz.hu\/wordpress\/wp-json\/wp\/v2\/posts"}],"about":[{"href":"http:\/\/fokesz.hu\/wordpress\/wp-json\/wp\/v2\/types\/post"}],"author":[{"embeddable":true,"href":"http:\/\/fokesz.hu\/wordpress\/wp-json\/wp\/v2\/users\/1"}],"replies":[{"embeddable":true,"href":"http:\/\/fokesz.hu\/wordpress\/wp-json\/wp\/v2\/comments?post=430"}],"version-history":[{"count":1,"href":"http:\/\/fokesz.hu\/wordpress\/wp-json\/wp\/v2\/posts\/430\/revisions"}],"predecessor-version":[{"id":431,"href":"http:\/\/fokesz.hu\/wordpress\/wp-json\/wp\/v2\/posts\/430\/revisions\/431"}],"wp:attachment":[{"href":"http:\/\/fokesz.hu\/wordpress\/wp-json\/wp\/v2\/media?parent=430"}],"wp:term":[{"taxonomy":"category","embeddable":true,"href":"http:\/\/fokesz.hu\/wordpress\/wp-json\/wp\/v2\/categories?post=430"},{"taxonomy":"post_tag","embeddable":true,"href":"http:\/\/fokesz.hu\/wordpress\/wp-json\/wp\/v2\/tags?post=430"}],"curies":[{"name":"wp","href":"https:\/\/api.w.org\/{rel}","templated":true}]}}