{"id":386,"date":"2021-05-20T17:11:00","date_gmt":"2021-05-20T17:11:00","guid":{"rendered":"http:\/\/fokesz.hu\/wordpress\/?p=386"},"modified":"2022-12-02T06:05:25","modified_gmt":"2022-12-02T06:05:25","slug":"elmarad","status":"publish","type":"post","link":"http:\/\/fokesz.hu\/wordpress\/2021\/05\/20\/elmarad\/","title":{"rendered":"ELMARAD!"},"content":{"rendered":"\n<p><strong>Tisztelt Fog\u00e1szati Keresked\u0151k, kedves leend\u0151 Ki\u00e1ll\u00edt\u00f3ink!<br><br>A Magyar Orvosi Kamara Fogorvosi Tagozata 2021. j\u00fanius 18-19-\u00e9n rendezi meg a XIII. Magyar Fogorvosnapok rendezv\u00e9nyt az ELTE L\u00e1gym\u00e1nyosi Campus, \u00c9szaki T\u00f6mbj\u00e9ben.<br><br>Az elm\u00falt \u00e9vtizedek sor\u00e1n ez a rendezv\u00e9ny az egyik legl\u00e1togatottabb, legrangosabb esem\u00e9nny\u00e9 v\u00e1lt. \u00cdgy \u00f6r\u00f6mmel mondhatjuk el, hogy az eg\u00e9szs\u00e9g\u00fcgyi v\u00e9szhelyzet elm\u00falt\u00e1val ez lesz az els\u0151 olyan rendezv\u00e9ny, ahol a szakma k\u00e9pvisel\u0151i szem\u00e9lyesen is tal\u00e1lkozhatnak.<br><br>A ki\u00e1ll\u00edt\u00e1s szervez\u00e9s\u00e9t a Fog\u00e1szati Keresked\u0151k &#8211; \u00e9s Gy\u00e1rt\u00f3k Sz\u00f6vets\u00e9ge (FoKeSz) megkezdte, k\u00e9rj\u00fck a jelentkez\u00e9ssel kapcsolatos minden inform\u00e1ci\u00f3\u00e9rt l\u00e1togasson el honlapunkra: <a rel=\"noreferrer noopener\" href=\"https:\/\/www.google.com\/url?q=http:\/\/hungarodent.com\/kiallitoknak\/&amp;sa=D&amp;source=calendar&amp;usd=2&amp;usg=AOvVaw2CmpCmkzNv7BZz7LoDV2xo\" target=\"_blank\">http:\/\/hungarodent.com\/kiallitoknak\/<\/a><\/strong><\/p>\n","protected":false},"excerpt":{"rendered":"<p>Tisztelt Fog\u00e1szati Keresked\u0151k, kedves leend\u0151 Ki\u00e1ll\u00edt\u00f3ink! A Magyar Orvosi Kamara Fogorvosi Tagozata 2021. j\u00fanius 18-19-\u00e9n rendezi meg a XIII. Magyar Fogorvosnapok rendezv\u00e9nyt az ELTE L\u00e1gym\u00e1nyosi Campus, \u00c9szaki T\u00f6mbj\u00e9ben. Az elm\u00falt \u00e9vtizedek sor\u00e1n ez a rendezv\u00e9ny az egyik legl\u00e1togatottabb, legrangosabb esem\u00e9nny\u00e9 v\u00e1lt. \u00cdgy \u00f6r\u00f6mmel mondhatjuk el, hogy az eg\u00e9szs\u00e9g\u00fcgyi v\u00e9szhelyzet elm\u00falt\u00e1val ez lesz az els\u0151 olyan [&hellip;]<\/p>\n","protected":false},"author":1,"featured_media":142,"comment_status":"open","ping_status":"open","sticky":false,"template":"","format":"standard","meta":{"footnotes":""},"categories":[1],"tags":[],"jetpack_featured_media_url":"http:\/\/fokesz.hu\/wordpress\/wp-content\/uploads\/2022\/11\/cropped-logo_fokesz-small.png","_links":{"self":[{"href":"http:\/\/fokesz.hu\/wordpress\/wp-json\/wp\/v2\/posts\/386"}],"collection":[{"href":"http:\/\/fokesz.hu\/wordpress\/wp-json\/wp\/v2\/posts"}],"about":[{"href":"http:\/\/fokesz.hu\/wordpress\/wp-json\/wp\/v2\/types\/post"}],"author":[{"embeddable":true,"href":"http:\/\/fokesz.hu\/wordpress\/wp-json\/wp\/v2\/users\/1"}],"replies":[{"embeddable":true,"href":"http:\/\/fokesz.hu\/wordpress\/wp-json\/wp\/v2\/comments?post=386"}],"version-history":[{"count":2,"href":"http:\/\/fokesz.hu\/wordpress\/wp-json\/wp\/v2\/posts\/386\/revisions"}],"predecessor-version":[{"id":455,"href":"http:\/\/fokesz.hu\/wordpress\/wp-json\/wp\/v2\/posts\/386\/revisions\/455"}],"wp:featuredmedia":[{"embeddable":true,"href":"http:\/\/fokesz.hu\/wordpress\/wp-json\/wp\/v2\/media\/142"}],"wp:attachment":[{"href":"http:\/\/fokesz.hu\/wordpress\/wp-json\/wp\/v2\/media?parent=386"}],"wp:term":[{"taxonomy":"category","embeddable":true,"href":"http:\/\/fokesz.hu\/wordpress\/wp-json\/wp\/v2\/categories?post=386"},{"taxonomy":"post_tag","embeddable":true,"href":"http:\/\/fokesz.hu\/wordpress\/wp-json\/wp\/v2\/tags?post=386"}],"curies":[{"name":"wp","href":"https:\/\/api.w.org\/{rel}","templated":true}]}}